{"id":371,"date":"2026-03-16T17:54:21","date_gmt":"2026-03-16T16:54:21","guid":{"rendered":"https:\/\/www.traumdatenbank.de\/Wordpress\/?p=371"},"modified":"2026-03-16T17:56:33","modified_gmt":"2026-03-16T16:56:33","slug":"j-h-2026","status":"publish","type":"post","link":"https:\/\/www.traumdatenbank.de\/Wordpress\/2026\/03\/16\/j-h-2026\/","title":{"rendered":"J.H., 2026"},"content":{"rendered":"\n<figure class=\"wp-block-image size-large\"><img loading=\"lazy\" decoding=\"async\" width=\"1024\" height=\"742\" src=\"https:\/\/www.traumdatenbank.de\/Wordpress\/wp-content\/uploads\/2026\/03\/ImLichtGottesSichVonDerPaedagogikBescheinenLassen-1024x742.jpeg\" alt=\"\" class=\"wp-image-372\" srcset=\"https:\/\/www.traumdatenbank.de\/Wordpress\/wp-content\/uploads\/2026\/03\/ImLichtGottesSichVonDerPaedagogikBescheinenLassen-1024x742.jpeg 1024w, https:\/\/www.traumdatenbank.de\/Wordpress\/wp-content\/uploads\/2026\/03\/ImLichtGottesSichVonDerPaedagogikBescheinenLassen-300x217.jpeg 300w, https:\/\/www.traumdatenbank.de\/Wordpress\/wp-content\/uploads\/2026\/03\/ImLichtGottesSichVonDerPaedagogikBescheinenLassen-768x556.jpeg 768w, https:\/\/www.traumdatenbank.de\/Wordpress\/wp-content\/uploads\/2026\/03\/ImLichtGottesSichVonDerPaedagogikBescheinenLassen-1536x1113.jpeg 1536w, https:\/\/www.traumdatenbank.de\/Wordpress\/wp-content\/uploads\/2026\/03\/ImLichtGottesSichVonDerPaedagogikBescheinenLassen-1200x869.jpeg 1200w, https:\/\/www.traumdatenbank.de\/Wordpress\/wp-content\/uploads\/2026\/03\/ImLichtGottesSichVonDerPaedagogikBescheinenLassen.jpeg 1600w\" sizes=\"auto, (max-width: 709px) 85vw, (max-width: 909px) 67vw, (max-width: 1362px) 62vw, 840px\" \/><\/figure>\n\n\n\n<p><\/p>\n\n\n\n<p>Im Traum durch Harburg-Heimfeld gehen. Das Traum-Ich sucht eine Off-Galerie, in der es ausstellen m\u00f6chte. Dabei kommt es bei einer sehr professionellen Galerie vorbei. Der dort ausgestellte K\u00fcnstler hat eine beeindruckende Installation im Schaufenster. Wie in einem Zen-Garten ist dort alles durchdacht und gepflegt. Nach einer Runde um die S-Bahn-Haltestelle bei der St. Pauluskirche rauskommen. Voller Best\u00fcrzung \u00fcber den Verfall des Viertels, bemerkt das Traum -Ich, dass die Kirche abgebrannt ist. Der Kirchturm fehlt nun komplett! Stattdessen wurde im Turmschaft eine geheime Wohnung von muslimischen Heimfeldern eingerichtet. Das Traum-Ich findet zum einen den Anbau eines Minaretts gut, zum anderen w\u00e4re es auch eine passende Aufgabe f\u00fcr einen Sch\u00fclerwettbewerb: Hier k\u00f6nnte ein neues muslimisches Veranstaltungszentrum geplant werden. Um Letzteres in die Wege zu bringen, klingelt das Traum-Ich oben in dem geheimen Stockwerk. Dort hofft es, den jungen Mahmut zu dem Projekt befragen zu k\u00f6nnen. Doch da gerade Ramadan ist (?), darf das Traum-Ich als Christ &#8211; auch auf Nachfragen bei einem Geistlichen hin &#8211; leider nicht in die Wohnung hinein.<\/p>\n\n\n\n<p><\/p>\n","protected":false},"excerpt":{"rendered":"<p>Im Traum durch Harburg-Heimfeld gehen. Das Traum-Ich sucht eine Off-Galerie, in der es ausstellen m\u00f6chte. Dabei kommt es bei einer sehr professionellen Galerie vorbei. Der dort ausgestellte K\u00fcnstler hat eine beeindruckende Installation im Schaufenster. Wie in einem Zen-Garten ist dort alles durchdacht und gepflegt. Nach einer Runde um die S-Bahn-Haltestelle bei der St. Pauluskirche rauskommen. &hellip; <a href=\"https:\/\/www.traumdatenbank.de\/Wordpress\/2026\/03\/16\/j-h-2026\/\" class=\"more-link\"><span class=\"screen-reader-text\">&#8222;J.H., 2026&#8220; <\/span>weiterlesen<\/a><\/p>\n","protected":false},"author":1,"featured_media":0,"comment_status":"open","ping_status":"open","sticky":false,"template":"","format":"standard","meta":{"footnotes":""},"categories":[2],"tags":[249,246,248,247,48],"class_list":["post-371","post","type-post","status-publish","format-standard","hentry","category-traeume","tag-galerie","tag-kirche","tag-leiter","tag-moschee","tag-stadt"],"_links":{"self":[{"href":"https:\/\/www.traumdatenbank.de\/Wordpress\/wp-json\/wp\/v2\/posts\/371","targetHints":{"allow":["GET"]}}],"collection":[{"href":"https:\/\/www.traumdatenbank.de\/Wordpress\/wp-json\/wp\/v2\/posts"}],"about":[{"href":"https:\/\/www.traumdatenbank.de\/Wordpress\/wp-json\/wp\/v2\/types\/post"}],"author":[{"embeddable":true,"href":"https:\/\/www.traumdatenbank.de\/Wordpress\/wp-json\/wp\/v2\/users\/1"}],"replies":[{"embeddable":true,"href":"https:\/\/www.traumdatenbank.de\/Wordpress\/wp-json\/wp\/v2\/comments?post=371"}],"version-history":[{"count":5,"href":"https:\/\/www.traumdatenbank.de\/Wordpress\/wp-json\/wp\/v2\/posts\/371\/revisions"}],"predecessor-version":[{"id":377,"href":"https:\/\/www.traumdatenbank.de\/Wordpress\/wp-json\/wp\/v2\/posts\/371\/revisions\/377"}],"wp:attachment":[{"href":"https:\/\/www.traumdatenbank.de\/Wordpress\/wp-json\/wp\/v2\/media?parent=371"}],"wp:term":[{"taxonomy":"category","embeddable":true,"href":"https:\/\/www.traumdatenbank.de\/Wordpress\/wp-json\/wp\/v2\/categories?post=371"},{"taxonomy":"post_tag","embeddable":true,"href":"https:\/\/www.traumdatenbank.de\/Wordpress\/wp-json\/wp\/v2\/tags?post=371"}],"curies":[{"name":"wp","href":"https:\/\/api.w.org\/{rel}","templated":true}]}}