{"id":298,"date":"2024-11-11T22:06:27","date_gmt":"2024-11-11T21:06:27","guid":{"rendered":"https:\/\/www.traumdatenbank.de\/Wordpress\/?p=298"},"modified":"2024-11-11T22:07:18","modified_gmt":"2024-11-11T21:07:18","slug":"j-h-16-08-24-k-i","status":"publish","type":"post","link":"https:\/\/www.traumdatenbank.de\/Wordpress\/2024\/11\/11\/j-h-16-08-24-k-i\/","title":{"rendered":"J.H. 16.08.24 K.I."},"content":{"rendered":"\n<p>In einer Art Film der \u201e40 000 vor Christus\u201c betitelt ist: Dabei begleitet das Traum-Ich eine Frau in einen Tempel, der in den Felsen gehauen ist. Hier geht es um Abbildungen von Naturg\u00f6ttern, die in allen Seiten des Raumes aufgestellt sind. Sie f\u00fcgt noch eine weitere Abbildung hinzu. Eigentlich, sagt das Traum-Ich, sei diese G\u00f6tzendarstellung nicht n\u00f6tig- aber das Traum-Ich betont, dass etwas aus Stein die Jahre \u00fcberdauern und sp\u00e4ter gefunden werden k\u00f6nne. Ansonsten machen die Steinzeitmenschen alles aus Holz \u2013 ein begehrtes Produkt seien Dachluken f\u00fcr Erdl\u00f6cher. \u00dcberhaupt findet in diesem die B-Movie viel in der Erde statt. In einer Erdspalte treten Jungs gegeneinander an. Mit anderen Jungs sind sie in Rangstreitigkeiten und K\u00e4mpfe verwickelt. Das Traum-Ich ist in dieser Rangfolge eher niedrig, hat aber auch eine Sonderrolle: Das etwas labile M\u00e4dchen Isis und der etwas verst\u00f6rte aggressive Jugendliche.<\/p>\n\n\n\n<figure class=\"wp-block-image size-large\"><img loading=\"lazy\" decoding=\"async\" width=\"1024\" height=\"730\" src=\"https:\/\/www.traumdatenbank.de\/Wordpress\/wp-content\/uploads\/2024\/11\/Videotraum001c-1024x730.jpg\" alt=\"\" class=\"wp-image-299\" srcset=\"https:\/\/www.traumdatenbank.de\/Wordpress\/wp-content\/uploads\/2024\/11\/Videotraum001c-1024x730.jpg 1024w, https:\/\/www.traumdatenbank.de\/Wordpress\/wp-content\/uploads\/2024\/11\/Videotraum001c-300x214.jpg 300w, https:\/\/www.traumdatenbank.de\/Wordpress\/wp-content\/uploads\/2024\/11\/Videotraum001c-768x547.jpg 768w, https:\/\/www.traumdatenbank.de\/Wordpress\/wp-content\/uploads\/2024\/11\/Videotraum001c-1536x1095.jpg 1536w, https:\/\/www.traumdatenbank.de\/Wordpress\/wp-content\/uploads\/2024\/11\/Videotraum001c-1200x855.jpg 1200w, https:\/\/www.traumdatenbank.de\/Wordpress\/wp-content\/uploads\/2024\/11\/Videotraum001c.jpg 1900w\" sizes=\"auto, (max-width: 709px) 85vw, (max-width: 909px) 67vw, (max-width: 1362px) 62vw, 840px\" \/><\/figure>\n\n\n\n<figure class=\"wp-block-embed is-type-video is-provider-youtube wp-block-embed-youtube wp-embed-aspect-16-9 wp-has-aspect-ratio\"><div class=\"wp-block-embed__wrapper\">\n<iframe loading=\"lazy\" title=\"Videotraum: Natur\/Kultur\" width=\"840\" height=\"473\" src=\"https:\/\/www.youtube.com\/embed\/O6AIeTzuV3g?feature=oembed\" frameborder=\"0\" allow=\"accelerometer; autoplay; clipboard-write; encrypted-media; gyroscope; picture-in-picture; web-share\" referrerpolicy=\"strict-origin-when-cross-origin\" allowfullscreen><\/iframe>\n<\/div><\/figure>\n","protected":false},"excerpt":{"rendered":"<p>In einer Art Film der \u201e40 000 vor Christus\u201c betitelt ist: Dabei begleitet das Traum-Ich eine Frau in einen Tempel, der in den Felsen gehauen ist. Hier geht es um Abbildungen von Naturg\u00f6ttern, die in allen Seiten des Raumes aufgestellt sind. Sie f\u00fcgt noch eine weitere Abbildung hinzu. Eigentlich, sagt das Traum-Ich, sei diese G\u00f6tzendarstellung &hellip; <a href=\"https:\/\/www.traumdatenbank.de\/Wordpress\/2024\/11\/11\/j-h-16-08-24-k-i\/\" class=\"more-link\"><span class=\"screen-reader-text\">&#8222;J.H. 16.08.24 K.I.&#8220; <\/span>weiterlesen<\/a><\/p>\n","protected":false},"author":1,"featured_media":0,"comment_status":"open","ping_status":"open","sticky":false,"template":"","format":"standard","meta":{"footnotes":""},"categories":[2],"tags":[209,212,211,210,100],"class_list":["post-298","post","type-post","status-publish","format-standard","hentry","category-traeume","tag-hoehle","tag-holz","tag-stein","tag-steinzeit","tag-tempel"],"_links":{"self":[{"href":"https:\/\/www.traumdatenbank.de\/Wordpress\/wp-json\/wp\/v2\/posts\/298","targetHints":{"allow":["GET"]}}],"collection":[{"href":"https:\/\/www.traumdatenbank.de\/Wordpress\/wp-json\/wp\/v2\/posts"}],"about":[{"href":"https:\/\/www.traumdatenbank.de\/Wordpress\/wp-json\/wp\/v2\/types\/post"}],"author":[{"embeddable":true,"href":"https:\/\/www.traumdatenbank.de\/Wordpress\/wp-json\/wp\/v2\/users\/1"}],"replies":[{"embeddable":true,"href":"https:\/\/www.traumdatenbank.de\/Wordpress\/wp-json\/wp\/v2\/comments?post=298"}],"version-history":[{"count":3,"href":"https:\/\/www.traumdatenbank.de\/Wordpress\/wp-json\/wp\/v2\/posts\/298\/revisions"}],"predecessor-version":[{"id":302,"href":"https:\/\/www.traumdatenbank.de\/Wordpress\/wp-json\/wp\/v2\/posts\/298\/revisions\/302"}],"wp:attachment":[{"href":"https:\/\/www.traumdatenbank.de\/Wordpress\/wp-json\/wp\/v2\/media?parent=298"}],"wp:term":[{"taxonomy":"category","embeddable":true,"href":"https:\/\/www.traumdatenbank.de\/Wordpress\/wp-json\/wp\/v2\/categories?post=298"},{"taxonomy":"post_tag","embeddable":true,"href":"https:\/\/www.traumdatenbank.de\/Wordpress\/wp-json\/wp\/v2\/tags?post=298"}],"curies":[{"name":"wp","href":"https:\/\/api.w.org\/{rel}","templated":true}]}}