{"id":224,"date":"2023-04-02T20:47:49","date_gmt":"2023-04-02T18:47:49","guid":{"rendered":"https:\/\/www.traumdatenbank.de\/Wordpress\/?p=224"},"modified":"2026-04-14T12:48:44","modified_gmt":"2026-04-14T10:48:44","slug":"neogrino-der-glaube-an-ein-traumreich-heute-rueckbezuege-zur-kleckener-lebensgemeinschaft-ugrino-die-utopie","status":"publish","type":"post","link":"https:\/\/www.traumdatenbank.de\/Wordpress\/2023\/04\/02\/neogrino-der-glaube-an-ein-traumreich-heute-rueckbezuege-zur-kleckener-lebensgemeinschaft-ugrino-die-utopie\/","title":{"rendered":"NEOGRINO &#8211; Der  Glaube an ein Traumreich heute &#038; R\u00fcckbez\u00fcge zur Kleckener Lebensgemeinschaft: &#8222;Ugrino &#8211; die Utopie&#8220;"},"content":{"rendered":"\n<figure class=\"wp-block-image size-full\"><img loading=\"lazy\" decoding=\"async\" width=\"539\" height=\"700\" src=\"https:\/\/www.traumdatenbank.de\/Wordpress\/wp-content\/uploads\/2023\/04\/Heinrich_Stegemann_-_Hans_Henny_Jahnn_1894-1959_1930_-sw.jpg\" alt=\"\" class=\"wp-image-225\" srcset=\"https:\/\/www.traumdatenbank.de\/Wordpress\/wp-content\/uploads\/2023\/04\/Heinrich_Stegemann_-_Hans_Henny_Jahnn_1894-1959_1930_-sw.jpg 539w, https:\/\/www.traumdatenbank.de\/Wordpress\/wp-content\/uploads\/2023\/04\/Heinrich_Stegemann_-_Hans_Henny_Jahnn_1894-1959_1930_-sw-231x300.jpg 231w\" sizes=\"auto, (max-width: 539px) 85vw, 539px\" \/><figcaption class=\"wp-element-caption\">Kultfigur: Der Schriftsteller und Sekten-Gr\u00fcnder Hans Henny Jahnn w\u00e4hrend seiner Zeit in Klecken (nach Heinrich Stegemann, 1930)<\/figcaption><\/figure>\n\n\n\n<p>Hans Henny Jahnn, am 17. Dezember 1894 in Hamburg geboren, gr\u00fcndet bereits zu Schulzeiten eine Glaubensgemeinschaft. Doch diese ist zum Scheitern verurteilt, zu eng ist der neue Glaube ans Christentum angelehnt. So versucht Jahnn etwa gegen\u00fcber seinen Eltern, Lehrern und Mitsch\u00fclern, immer die Wahrheit zu sagen und niemals zu l\u00fcgen. Viele Anh\u00e4nger gewinnt er damit nicht. Stattdessen droht sein Vater mit einer Zwangseinweisung in die Irrenanstalt \u2013 Jahnn bricht das Experiment ab. Durch den Fehlschlag erkennt er, dass seine radikale Bibelauslegung potenzielle Anh\u00e4nger verschreckt. Er sucht fortan in der Literatur Wege zur Erl\u00f6sung. 1920 bekam er den Kleist-Preis und wird f\u00fcr seine extremen Gef\u00fchlslagen und Handlungen in seinem Werken bekannt. Er wird Pr\u00e4sident des Kartells &#8222;Hamburger K\u00fcnstlerverband&#8220; und gr\u00fcndet die freie Akademie der K\u00fcnste in Hamburg. <\/p>\n\n\n\n<p>Um sinnsuchende Altersgenossen anzusprechen, entwickelt er ab 1915 \u2013 Jahnn ist damals 21 Jahre alt \u2013 eine freigeistige Glaubensgemeinschaft mit dem Namen Ugrino. Er wendet sich damit gegen das Weltbild des wilhelminischen Kaiserreichs und gegen den Militarismus. Seinen Kriegsdienst entgeht er mit einer kurzzeitigen Auswanderung nach Norwegen. <\/p>\n\n\n\n<p>Die Weltanschauung der Sekte wird in dem Romanfragment <em>Ugrino und Ingrabanien<\/em> ausf\u00fchrlich beschrieben. Hierin schildert er traumhaft eine Figur, die ihr Ged\u00e4chtnis verloren hat. Dieser von mir illustrierte <a href=\"https:\/\/www.traumdatenbank.de\/Wordpress\/2023\/04\/02\/h-h-j-1920\/\" data-type=\"URL\" data-id=\"https:\/\/www.traumdatenbank.de\/Wordpress\/2023\/04\/02\/h-h-j-1920\/\">Alptraum<\/a> dreht sich in weiten Z\u00fcgen um einen geplanten Sakralbau, der der Sekte als Kultbau dienen sollte. Er kauft zum Bau dieser Grabkapelle Grundst\u00fccke am Flidderberg in Handeloh, scheitert jedoch sowohl an der Bauerschl\u00e4ue der Landeigent\u00fcmer, als auch an dem utopischen Ausma\u00df des Entwurfs. Wie viel mehr Sinn h\u00e4tte es gemacht, wenn man das Bed\u00fcrfnis nach Pathos und einem h\u00f6heren Ziel im Leben in dem geplanten Kultbau gesucht h\u00e4tte, anstatt in den diabolischen Versuchungen der Nationalsozialisten und deren Vorl\u00e4ufern, die stattdessen in der Gegend ihre teilweise revisionistischen Kriegerdenkm\u00e4ler aufstellten! Ein zweiter Weltkrieg w\u00e4re vielleicht ein wenig unwahrscheinlicher geworden&#8230; Nicht nur angesichts neuer traumatischer Kriege in Europa erscheint Jahnns Utopie heute so modern, sondern auch durch seine sehr zeitgen\u00f6ssischen Glaubenss\u00e4tze wie z.B. den Tierschutz. Der Grundgedanke von Ugrino besteht darin, in der Auseinandersetzung mit Kunst, Architektur und Musik sich selbst transzendent wahrzunehmen. Jahnns Kunstreligion feiert aber auch den K\u00f6rper, das sinnliche Erleben und die sexuelle Freiheit. Jahnn will mit Ugrino eine liberale Gesellschaft erschaffen, die Au\u00dfenseiter vorurteilslos begr\u00fc\u00dft. Seine Motivation daf\u00fcr ist verst\u00e4ndlich: Aufgrund der lebenslangen homosexuellen Liebe zu seinem Schulkameraden Gottfried Harms \u2013 1913 heiraten die beiden inoffiziell\u00a0\u2013 wird Jahnn fr\u00fch aus der b\u00fcrgerlichen Gesellschaft ausgeschlossen.<\/p>\n\n\n\n<p>Die ersten Mitglieder von Ugrino rekrutieren sich aus dem Freundeskreis von Jahnn und Harms. Haupts\u00e4chlich besteht die Gruppe aus jungen M\u00e4nnern wie dem Bildhauer Franz Buse oder dem M\u00e4zen Lorenz J\u00fcrgensen. Zusammen verfolgen sie unterschiedliche Ziele: Jahnn will den Orgelbau reformieren, gleichzeitig gr\u00fcndet die Sekte einen Musikverlag, um vergessene Komponisten wie Dietrich Buxtehude zu kanonisieren. In der \u00d6ffentlichkeit gibt sich die Glaubensgemeinschaft unterdessen so freiz\u00fcgig und wild wie m\u00f6glich \u2013 um die Scheinmoral ihrer Zeit zu entlarven.<\/p>\n\n\n\n<p>Quelle: <\/p>\n\n\n\n<p>Johannes Spengler, https:\/\/tell-review.de\/hans-henny-jahnn-oder-wie-man-eine-sekte-gruendet\/<\/p>\n\n\n\n<p>Sch\u00fclerarbeit von Joshua Martens und Elisabetha Nell<\/p>\n","protected":false},"excerpt":{"rendered":"<p>Hans Henny Jahnn, am 17. Dezember 1894 in Hamburg geboren, gr\u00fcndet bereits zu Schulzeiten eine Glaubensgemeinschaft. Doch diese ist zum Scheitern verurteilt, zu eng ist der neue Glaube ans Christentum angelehnt. So versucht Jahnn etwa gegen\u00fcber seinen Eltern, Lehrern und Mitsch\u00fclern, immer die Wahrheit zu sagen und niemals zu l\u00fcgen. Viele Anh\u00e4nger gewinnt er damit &hellip; <a href=\"https:\/\/www.traumdatenbank.de\/Wordpress\/2023\/04\/02\/neogrino-der-glaube-an-ein-traumreich-heute-rueckbezuege-zur-kleckener-lebensgemeinschaft-ugrino-die-utopie\/\" class=\"more-link\"><span class=\"screen-reader-text\">&#8222;NEOGRINO &#8211; Der  Glaube an ein Traumreich heute &#038; R\u00fcckbez\u00fcge zur Kleckener Lebensgemeinschaft: &#8222;Ugrino &#8211; die Utopie&#8220;&#8220; <\/span>weiterlesen<\/a><\/p>\n","protected":false},"author":1,"featured_media":0,"comment_status":"open","ping_status":"open","sticky":true,"template":"","format":"standard","meta":{"footnotes":""},"categories":[1],"tags":[156,157,159,160,155,158],"class_list":["post-224","post","type-post","status-publish","format-standard","hentry","category-allgemein","tag-jahnn","tag-klecken","tag-neogrino","tag-traumreich","tag-ugrino","tag-utopie"],"_links":{"self":[{"href":"https:\/\/www.traumdatenbank.de\/Wordpress\/wp-json\/wp\/v2\/posts\/224","targetHints":{"allow":["GET"]}}],"collection":[{"href":"https:\/\/www.traumdatenbank.de\/Wordpress\/wp-json\/wp\/v2\/posts"}],"about":[{"href":"https:\/\/www.traumdatenbank.de\/Wordpress\/wp-json\/wp\/v2\/types\/post"}],"author":[{"embeddable":true,"href":"https:\/\/www.traumdatenbank.de\/Wordpress\/wp-json\/wp\/v2\/users\/1"}],"replies":[{"embeddable":true,"href":"https:\/\/www.traumdatenbank.de\/Wordpress\/wp-json\/wp\/v2\/comments?post=224"}],"version-history":[{"count":5,"href":"https:\/\/www.traumdatenbank.de\/Wordpress\/wp-json\/wp\/v2\/posts\/224\/revisions"}],"predecessor-version":[{"id":292,"href":"https:\/\/www.traumdatenbank.de\/Wordpress\/wp-json\/wp\/v2\/posts\/224\/revisions\/292"}],"wp:attachment":[{"href":"https:\/\/www.traumdatenbank.de\/Wordpress\/wp-json\/wp\/v2\/media?parent=224"}],"wp:term":[{"taxonomy":"category","embeddable":true,"href":"https:\/\/www.traumdatenbank.de\/Wordpress\/wp-json\/wp\/v2\/categories?post=224"},{"taxonomy":"post_tag","embeddable":true,"href":"https:\/\/www.traumdatenbank.de\/Wordpress\/wp-json\/wp\/v2\/tags?post=224"}],"curies":[{"name":"wp","href":"https:\/\/api.w.org\/{rel}","templated":true}]}}