{"id":220,"date":"2023-04-02T20:51:30","date_gmt":"2023-04-02T18:51:30","guid":{"rendered":"https:\/\/www.traumdatenbank.de\/Wordpress\/?p=220"},"modified":"2023-04-02T20:51:30","modified_gmt":"2023-04-02T18:51:30","slug":"h-h-j-1920","status":"publish","type":"post","link":"https:\/\/www.traumdatenbank.de\/Wordpress\/2023\/04\/02\/h-h-j-1920\/","title":{"rendered":"H.H.J., 1920"},"content":{"rendered":"\n<p>Traum zu Ugrino, frei nach Hans Henny Jahnn<\/p>\n\n\n\n<figure class=\"wp-block-image size-large\"><img loading=\"lazy\" decoding=\"async\" width=\"806\" height=\"1024\" src=\"https:\/\/www.traumdatenbank.de\/Wordpress\/wp-content\/uploads\/2023\/04\/ErloschenesUgrinoSWklein-806x1024.jpg\" alt=\"\" class=\"wp-image-221\" srcset=\"https:\/\/www.traumdatenbank.de\/Wordpress\/wp-content\/uploads\/2023\/04\/ErloschenesUgrinoSWklein-806x1024.jpg 806w, https:\/\/www.traumdatenbank.de\/Wordpress\/wp-content\/uploads\/2023\/04\/ErloschenesUgrinoSWklein-236x300.jpg 236w, https:\/\/www.traumdatenbank.de\/Wordpress\/wp-content\/uploads\/2023\/04\/ErloschenesUgrinoSWklein-768x976.jpg 768w, https:\/\/www.traumdatenbank.de\/Wordpress\/wp-content\/uploads\/2023\/04\/ErloschenesUgrinoSWklein-1209x1536.jpg 1209w, https:\/\/www.traumdatenbank.de\/Wordpress\/wp-content\/uploads\/2023\/04\/ErloschenesUgrinoSWklein-1612x2048.jpg 1612w, https:\/\/www.traumdatenbank.de\/Wordpress\/wp-content\/uploads\/2023\/04\/ErloschenesUgrinoSWklein-1200x1525.jpg 1200w, https:\/\/www.traumdatenbank.de\/Wordpress\/wp-content\/uploads\/2023\/04\/ErloschenesUgrinoSWklein.jpg 2000w\" sizes=\"auto, (max-width: 709px) 85vw, (max-width: 909px) 67vw, (max-width: 984px) 61vw, (max-width: 1362px) 45vw, 600px\" \/><figcaption class=\"wp-element-caption\">Erloschenes Ugrino<\/figcaption><\/figure>\n\n\n\n<p>Ich erinnere mich im Traum der dicken Eichenbalken; aber es verschwindet wieder. Man mu\u00df sie doch zeichnen k\u00f6nnen und bauen, wenn man sie einmal sah! Ich denke einen Augenblick an ein gotisches Fenster mit einem bronzenen Gitter davor. Ich wu\u00dfte, da\u00df ich es einmal getr\u00e4umt hatte; nun aber wollten mir die Ornamente nicht wieder einfallen. Ich gr\u00fcbelte und sagte nach langer Zeit: solche Sch\u00f6nheit kann es ja gar nicht geben. &#8211; Aber ich sah es doch! &#8211; Ich dachte auch schon an die kleine Sakristeit\u00fcr \u2013 und der ganze Dom erstand vor mir; aber ich konnte im Grunde nichts festhalten.<\/p>\n\n\n\n<p>Nun lag ein langer, durch viele S\u00e4ulen getragener Gang vor mir, an dessen W\u00e4nden hin und wieder in gro\u00dfen kupfernen Leuchtern Kerzen brannten. S\u00e4ulen unw\u00e4gbarer Schwere, geheimnisvolles Dunkel. Mir waren sie bekannt. Ein Tor, auch das mir bekannt, ein tiefes W\u00f6lben wie aus meinem Blut. Mein Herz krampfte sich zusammen, als nun das Tor immer gr\u00f6\u00dfer wurde und nichts weiter war als eine steingewordene Geb\u00e4rde. Ich hatte best\u00e4ndig das Gef\u00fchl, als m\u00fc\u00dften unsagbar tiefe Dinge hinter all diesen Geb\u00e4rden sein, die mir Bogen und W\u00f6lbungen und Lichter ausstellten. Dies Gef\u00fchl wurde auf Augenblicke so dringend, da\u00df ich vermeinte, in der Vorhalle eines Grabgew\u00f6lbes zu sein. &#8211; Dann fiel meinen Leib ein heftiges Zittern an. Pl\u00f6tzlich \u00fcberkam es mich wie entsetzliche Furcht, ich hatte niemals die Gruft meiner Urgro\u00dfeltern im Heiligen Geist zu Rostock gesehen. Wenn es das war! Wenn es diese Kirche &#8211; war und ihr Wohnhaus, das ich meinte.<\/p>\n\n\n\n<p>Ich richtete mich im Bett auf, wollte mir etwas \u00fcberlegen. Aber ich fragte mich nur, was es wohl auf der Welt geben k\u00f6nnte, das mich noch faszinierte, und ich h\u00f6rte es in mir: Ganz hohe Gew\u00f6lbe bauen, gotische Gew\u00f6lbe aus grauem Stein, ganz von solchen Mauern getragen, die nie bersten &#8211; so dick. Es war wie ein Bild und zerging wieder.<\/p>\n\n\n\n<figure class=\"wp-block-embed is-type-wp-embed is-provider-traumdatenbank-de wp-block-embed-traumdatenbank-de\"><div class=\"wp-block-embed__wrapper\">\n<blockquote class=\"wp-embedded-content\" data-secret=\"0kW3WI1lkP\"><a href=\"https:\/\/www.traumdatenbank.de\/Wordpress\/2023\/04\/02\/neogrino-der-glaube-an-ein-traumreich-heute-rueckbezuege-zur-kleckener-lebensgemeinschaft-ugrino-die-utopie\/\">NEOGRINO &#8211; Der  Glaube an ein Traumreich heute &#038; R\u00fcckbez\u00fcge zur Kleckener Lebensgemeinschaft: &#8222;Ugrino &#8211; die Utopie&#8220;<\/a><\/blockquote><iframe loading=\"lazy\" class=\"wp-embedded-content\" sandbox=\"allow-scripts\" security=\"restricted\" style=\"position: absolute; clip: rect(1px, 1px, 1px, 1px);\" title=\"&#8222;NEOGRINO &#8211; Der  Glaube an ein Traumreich heute &#038; R\u00fcckbez\u00fcge zur Kleckener Lebensgemeinschaft: &#8222;Ugrino &#8211; die Utopie&#8220;&#8220; &#8212; traumdatenbank.de\" src=\"https:\/\/www.traumdatenbank.de\/Wordpress\/2023\/04\/02\/neogrino-der-glaube-an-ein-traumreich-heute-rueckbezuege-zur-kleckener-lebensgemeinschaft-ugrino-die-utopie\/embed\/#?secret=7EXcz7Y0Vp#?secret=0kW3WI1lkP\" data-secret=\"0kW3WI1lkP\" width=\"600\" height=\"338\" frameborder=\"0\" marginwidth=\"0\" marginheight=\"0\" scrolling=\"no\"><\/iframe>\n<\/div><\/figure>\n","protected":false},"excerpt":{"rendered":"<p>Traum zu Ugrino, frei nach Hans Henny Jahnn Ich erinnere mich im Traum der dicken Eichenbalken; aber es verschwindet wieder. Man mu\u00df sie doch zeichnen k\u00f6nnen und bauen, wenn man sie einmal sah! Ich denke einen Augenblick an ein gotisches Fenster mit einem bronzenen Gitter davor. Ich wu\u00dfte, da\u00df ich es einmal getr\u00e4umt hatte; nun &hellip; <a href=\"https:\/\/www.traumdatenbank.de\/Wordpress\/2023\/04\/02\/h-h-j-1920\/\" class=\"more-link\"><span class=\"screen-reader-text\">&#8222;H.H.J., 1920&#8220; <\/span>weiterlesen<\/a><\/p>\n","protected":false},"author":1,"featured_media":0,"comment_status":"open","ping_status":"open","sticky":false,"template":"","format":"standard","meta":{"footnotes":""},"categories":[2],"tags":[152,154,156,153,155],"class_list":["post-220","post","type-post","status-publish","format-standard","hentry","category-traeume","tag-dom","tag-grabkapelle","tag-jahnn","tag-tor","tag-ugrino"],"_links":{"self":[{"href":"https:\/\/www.traumdatenbank.de\/Wordpress\/wp-json\/wp\/v2\/posts\/220","targetHints":{"allow":["GET"]}}],"collection":[{"href":"https:\/\/www.traumdatenbank.de\/Wordpress\/wp-json\/wp\/v2\/posts"}],"about":[{"href":"https:\/\/www.traumdatenbank.de\/Wordpress\/wp-json\/wp\/v2\/types\/post"}],"author":[{"embeddable":true,"href":"https:\/\/www.traumdatenbank.de\/Wordpress\/wp-json\/wp\/v2\/users\/1"}],"replies":[{"embeddable":true,"href":"https:\/\/www.traumdatenbank.de\/Wordpress\/wp-json\/wp\/v2\/comments?post=220"}],"version-history":[{"count":3,"href":"https:\/\/www.traumdatenbank.de\/Wordpress\/wp-json\/wp\/v2\/posts\/220\/revisions"}],"predecessor-version":[{"id":229,"href":"https:\/\/www.traumdatenbank.de\/Wordpress\/wp-json\/wp\/v2\/posts\/220\/revisions\/229"}],"wp:attachment":[{"href":"https:\/\/www.traumdatenbank.de\/Wordpress\/wp-json\/wp\/v2\/media?parent=220"}],"wp:term":[{"taxonomy":"category","embeddable":true,"href":"https:\/\/www.traumdatenbank.de\/Wordpress\/wp-json\/wp\/v2\/categories?post=220"},{"taxonomy":"post_tag","embeddable":true,"href":"https:\/\/www.traumdatenbank.de\/Wordpress\/wp-json\/wp\/v2\/tags?post=220"}],"curies":[{"name":"wp","href":"https:\/\/api.w.org\/{rel}","templated":true}]}}