{"id":210,"date":"2023-01-08T20:59:43","date_gmt":"2023-01-08T19:59:43","guid":{"rendered":"http:\/\/www.traumdatenbank.de\/Wordpress\/?p=210"},"modified":"2023-01-08T20:59:43","modified_gmt":"2023-01-08T19:59:43","slug":"j-h-2022-3","status":"publish","type":"post","link":"https:\/\/www.traumdatenbank.de\/Wordpress\/2023\/01\/08\/j-h-2022-3\/","title":{"rendered":"J.H., 2022"},"content":{"rendered":"\n<p>\nDiese Traumzeichnung ist mit in folgendes Dreampop Musik-Video eingeflossen: <a href=\"https:\/\/youtu.be\/fKAf8-oZ_Y0\">https:\/\/youtu.be\/fKAf8-oZ_Y0 <\/a><\/p>\n\n\n\n<p>Das Traum-Ich f\u00fchrt ein Leben als freier K\u00fcnstler in einer gro\u00dfen Stadt. Es braucht Wasser zum Aquarellieren und geht in einen Pavillon im Park. Dort steht ein Schild: Wer sich im Souvenirshop einen Samowar kauft [mich \u00fcber armenischen Kirchen unterhalten], der best\u00e4tigt damit das Klischee des Teetrinkers. Das Traum-Ich geht hinein und fragt die Kultur-Mitarbeiterin nach einem Samowar &#8211; obwohl diese gerade engagiert jemanden etwas erkl\u00e4rt. Tats\u00e4chlich haben sie auch einen kleinen Samowar, aber das Traum-Ich lenkt um und fragt, wo es warmes Wasser g\u00e4be. Als sie das nicht wei\u00df, wird das Traum-Ich abwertend und beantwortet die Frage selbst: Im Museum. Es l\u00e4sst sie schimpfend zur\u00fcck und geht in eines der touristisch anspruchslosen Bauten, die man sonst eher ausl\u00e4sst. Dort haben F\u00fcrsten im 19.\/18. Jahrhundert viele &#8211; h\u00e4ufig kitschige &#8211; Werke ausgestellt. Das Traum-Ich m\u00f6chte jeden Tag etwas malen und erhofft sich dadurch Unterst\u00fctzung durch den Staat [mit meiner Tochter \u00fcber die norwegische K\u00fcnstlerf\u00f6rderung sprechen]. Im Museum gibt es eine laufende F\u00fchrung der sich das Traum-Ich einfach anschlie\u00dft. Weil da einige Verwandte mit meinem Onkel dran teilnehmen. Da mein Onkel ohne seine Frau gekommen ist, denkt das Traum-Ich dadurch ein Anrecht zu haben und f\u00fcr die F\u00fchrung nicht zahlen zu m\u00fcssen. Es sind zahlreiche Werke zu sehen, die in der Tradition von Baden-W\u00fcrttemberg, nur an die Wand geklebt wurden (soll ich selbst dort mal ausstellen?). Dann sieht es die eigene Tochter vom dritten Stock des Museums aus und will sie anrufen. Doch f\u00e4lschlicherweise wird erst mein freundlicher Cousin angerufen. Kurz bevor das Traum-Ich sie treffen kann (Sehnsucht sie zu sehen) wird beim Ausgang des Museums noch ein \u00e4lterer Aktionsk\u00fcnstler (wie Papa) angetroffen, der mit seinem Happening die Finanzindustrie anmahnt.<\/p>\n","protected":false},"excerpt":{"rendered":"<p>Diese Traumzeichnung ist mit in folgendes Dreampop Musik-Video eingeflossen: https:\/\/youtu.be\/fKAf8-oZ_Y0 Das Traum-Ich f\u00fchrt ein Leben als freier K\u00fcnstler in einer gro\u00dfen Stadt. Es braucht Wasser zum Aquarellieren und geht in einen Pavillon im Park. Dort steht ein Schild: Wer sich im Souvenirshop einen Samowar kauft [mich \u00fcber armenischen Kirchen unterhalten], der best\u00e4tigt damit das Klischee &hellip; <a href=\"https:\/\/www.traumdatenbank.de\/Wordpress\/2023\/01\/08\/j-h-2022-3\/\" class=\"more-link\"><span class=\"screen-reader-text\">&#8222;J.H., 2022&#8220; <\/span>weiterlesen<\/a><\/p>\n","protected":false},"author":1,"featured_media":211,"comment_status":"open","ping_status":"open","sticky":false,"template":"","format":"standard","meta":{"footnotes":""},"categories":[2],"tags":[146,144,143],"class_list":["post-210","post","type-post","status-publish","format-standard","has-post-thumbnail","hentry","category-traeume","tag-kuenstler","tag-museum","tag-samowar"],"_links":{"self":[{"href":"https:\/\/www.traumdatenbank.de\/Wordpress\/wp-json\/wp\/v2\/posts\/210","targetHints":{"allow":["GET"]}}],"collection":[{"href":"https:\/\/www.traumdatenbank.de\/Wordpress\/wp-json\/wp\/v2\/posts"}],"about":[{"href":"https:\/\/www.traumdatenbank.de\/Wordpress\/wp-json\/wp\/v2\/types\/post"}],"author":[{"embeddable":true,"href":"https:\/\/www.traumdatenbank.de\/Wordpress\/wp-json\/wp\/v2\/users\/1"}],"replies":[{"embeddable":true,"href":"https:\/\/www.traumdatenbank.de\/Wordpress\/wp-json\/wp\/v2\/comments?post=210"}],"version-history":[{"count":1,"href":"https:\/\/www.traumdatenbank.de\/Wordpress\/wp-json\/wp\/v2\/posts\/210\/revisions"}],"predecessor-version":[{"id":212,"href":"https:\/\/www.traumdatenbank.de\/Wordpress\/wp-json\/wp\/v2\/posts\/210\/revisions\/212"}],"wp:featuredmedia":[{"embeddable":true,"href":"https:\/\/www.traumdatenbank.de\/Wordpress\/wp-json\/wp\/v2\/media\/211"}],"wp:attachment":[{"href":"https:\/\/www.traumdatenbank.de\/Wordpress\/wp-json\/wp\/v2\/media?parent=210"}],"wp:term":[{"taxonomy":"category","embeddable":true,"href":"https:\/\/www.traumdatenbank.de\/Wordpress\/wp-json\/wp\/v2\/categories?post=210"},{"taxonomy":"post_tag","embeddable":true,"href":"https:\/\/www.traumdatenbank.de\/Wordpress\/wp-json\/wp\/v2\/tags?post=210"}],"curies":[{"name":"wp","href":"https:\/\/api.w.org\/{rel}","templated":true}]}}