{"id":207,"date":"2023-01-07T16:48:18","date_gmt":"2023-01-07T15:48:18","guid":{"rendered":"http:\/\/www.traumdatenbank.de\/Wordpress\/?p=207"},"modified":"2023-04-01T21:44:31","modified_gmt":"2023-04-01T19:44:31","slug":"j-h-2022-2","status":"publish","type":"post","link":"https:\/\/www.traumdatenbank.de\/Wordpress\/2023\/01\/07\/j-h-2022-2\/","title":{"rendered":"J.H., 2022"},"content":{"rendered":"\n<p>Diese Traumzeichnung ist mit in folgendes Dreampop Musik-Video eingeflossen: <a href=\"https:\/\/youtu.be\/fKAf8-oZ_Y0 \">https:\/\/youtu.be\/fKAf8-oZ_Y0 <\/a><\/p>\n\n\n\n<p>Im  Traum jagt ein K\u00fcnstler am Strand zwei M\u00f6wen. Dabei die gro\u00dfe  Traurigkeit sp\u00fcren, dass es damals nicht geklappt hat mit meiner  Ex-Freundin (Angst vor dem Aufgehen im Gew\u00f6hnlichen). Die beiden M\u00f6wen  stehen f\u00fcr die Gemeinschaft und die Eigenwilligkeit und der vertr\u00e4umte  K\u00fcnstler scheitert immer wieder daran sie zu fangen.<br><\/p>\n","protected":false},"excerpt":{"rendered":"<p>Diese Traumzeichnung ist mit in folgendes Dreampop Musik-Video eingeflossen: https:\/\/youtu.be\/fKAf8-oZ_Y0 Im Traum jagt ein K\u00fcnstler am Strand zwei M\u00f6wen. Dabei die gro\u00dfe Traurigkeit sp\u00fcren, dass es damals nicht geklappt hat mit meiner Ex-Freundin (Angst vor dem Aufgehen im Gew\u00f6hnlichen). Die beiden M\u00f6wen stehen f\u00fcr die Gemeinschaft und die Eigenwilligkeit und der vertr\u00e4umte K\u00fcnstler scheitert immer &hellip; <a href=\"https:\/\/www.traumdatenbank.de\/Wordpress\/2023\/01\/07\/j-h-2022-2\/\" class=\"more-link\"><span class=\"screen-reader-text\">&#8222;J.H., 2022&#8220; <\/span>weiterlesen<\/a><\/p>\n","protected":false},"author":1,"featured_media":208,"comment_status":"open","ping_status":"open","sticky":false,"template":"","format":"standard","meta":{"footnotes":""},"categories":[1,2],"tags":[141,142],"class_list":["post-207","post","type-post","status-publish","format-standard","has-post-thumbnail","hentry","category-allgemein","category-traeume","tag-gemeinschaft-strand-eigenwilligkeit","tag-moewe"],"_links":{"self":[{"href":"https:\/\/www.traumdatenbank.de\/Wordpress\/wp-json\/wp\/v2\/posts\/207","targetHints":{"allow":["GET"]}}],"collection":[{"href":"https:\/\/www.traumdatenbank.de\/Wordpress\/wp-json\/wp\/v2\/posts"}],"about":[{"href":"https:\/\/www.traumdatenbank.de\/Wordpress\/wp-json\/wp\/v2\/types\/post"}],"author":[{"embeddable":true,"href":"https:\/\/www.traumdatenbank.de\/Wordpress\/wp-json\/wp\/v2\/users\/1"}],"replies":[{"embeddable":true,"href":"https:\/\/www.traumdatenbank.de\/Wordpress\/wp-json\/wp\/v2\/comments?post=207"}],"version-history":[{"count":1,"href":"https:\/\/www.traumdatenbank.de\/Wordpress\/wp-json\/wp\/v2\/posts\/207\/revisions"}],"predecessor-version":[{"id":209,"href":"https:\/\/www.traumdatenbank.de\/Wordpress\/wp-json\/wp\/v2\/posts\/207\/revisions\/209"}],"wp:featuredmedia":[{"embeddable":true,"href":"https:\/\/www.traumdatenbank.de\/Wordpress\/wp-json\/wp\/v2\/media\/208"}],"wp:attachment":[{"href":"https:\/\/www.traumdatenbank.de\/Wordpress\/wp-json\/wp\/v2\/media?parent=207"}],"wp:term":[{"taxonomy":"category","embeddable":true,"href":"https:\/\/www.traumdatenbank.de\/Wordpress\/wp-json\/wp\/v2\/categories?post=207"},{"taxonomy":"post_tag","embeddable":true,"href":"https:\/\/www.traumdatenbank.de\/Wordpress\/wp-json\/wp\/v2\/tags?post=207"}],"curies":[{"name":"wp","href":"https:\/\/api.w.org\/{rel}","templated":true}]}}