{"id":170,"date":"2019-05-16T20:25:39","date_gmt":"2019-05-16T18:25:39","guid":{"rendered":"http:\/\/www.traumdatenbank.de\/Wordpress\/?p=170"},"modified":"2019-05-16T20:25:39","modified_gmt":"2019-05-16T18:25:39","slug":"anonym-1999-3","status":"publish","type":"post","link":"https:\/\/www.traumdatenbank.de\/Wordpress\/2019\/05\/16\/anonym-1999-3\/","title":{"rendered":"Anonym, 1999"},"content":{"rendered":"\n<p>Ich feiere mit meiner Mutter im Wohnzimmer. Es ist mein Kindergeburtstag. Viele Kinder sind eingeladen aber auch eine andere Mama. Diese, eine Art Rabenmutter, sch\u00f6n aber heimt\u00fcckisch, ist irritiert als meine Mutter anf\u00e4ngt zu singen. Ich bin aber ganz vernarrt in sie, weil ihre Freunde Piraten sind. Von denen sind auch ein paar da. Ein echter Pirat hat ein Tischfeuerwerk dabei und schie\u00dft aus einer Pistole Konfetti. Dann folge ich einem Schattenspiel von ihm und bin entt\u00e4uscht, weil der Schatten nicht meinen Vorstellungen entspricht.<\/p>\n\n\n\n<p><\/p>\n\n\n\n<figure class=\"wp-block-image\"><img loading=\"lazy\" decoding=\"async\" width=\"691\" height=\"1024\" src=\"http:\/\/www.traumdatenbank.de\/Wordpress\/wp-content\/uploads\/2019\/05\/Jendrik-Helle-Traumdatenbank061-691x1024.jpg\" alt=\"\" class=\"wp-image-171\" srcset=\"https:\/\/www.traumdatenbank.de\/Wordpress\/wp-content\/uploads\/2019\/05\/Jendrik-Helle-Traumdatenbank061-691x1024.jpg 691w, https:\/\/www.traumdatenbank.de\/Wordpress\/wp-content\/uploads\/2019\/05\/Jendrik-Helle-Traumdatenbank061-202x300.jpg 202w, https:\/\/www.traumdatenbank.de\/Wordpress\/wp-content\/uploads\/2019\/05\/Jendrik-Helle-Traumdatenbank061-768x1139.jpg 768w, https:\/\/www.traumdatenbank.de\/Wordpress\/wp-content\/uploads\/2019\/05\/Jendrik-Helle-Traumdatenbank061-1200x1779.jpg 1200w, https:\/\/www.traumdatenbank.de\/Wordpress\/wp-content\/uploads\/2019\/05\/Jendrik-Helle-Traumdatenbank061.jpg 1494w\" sizes=\"auto, (max-width: 709px) 85vw, (max-width: 909px) 67vw, (max-width: 984px) 61vw, (max-width: 1362px) 45vw, 600px\" \/><\/figure>\n","protected":false},"excerpt":{"rendered":"<p>Ich feiere mit meiner Mutter im Wohnzimmer. Es ist mein Kindergeburtstag. Viele Kinder sind eingeladen aber auch eine andere Mama. Diese, eine Art Rabenmutter, sch\u00f6n aber heimt\u00fcckisch, ist irritiert als meine Mutter anf\u00e4ngt zu singen. Ich bin aber ganz vernarrt in sie, weil ihre Freunde Piraten sind. Von denen sind auch ein paar da. Ein &hellip; <a href=\"https:\/\/www.traumdatenbank.de\/Wordpress\/2019\/05\/16\/anonym-1999-3\/\" class=\"more-link\"><span class=\"screen-reader-text\">&#8222;Anonym, 1999&#8220; <\/span>weiterlesen<\/a><\/p>\n","protected":false},"author":1,"featured_media":0,"comment_status":"open","ping_status":"open","sticky":false,"template":"","format":"standard","meta":{"footnotes":""},"categories":[2],"tags":[104,105,38],"class_list":["post-170","post","type-post","status-publish","format-standard","hentry","category-traeume","tag-falsche-vorstellungen","tag-konfetti","tag-schatten"],"_links":{"self":[{"href":"https:\/\/www.traumdatenbank.de\/Wordpress\/wp-json\/wp\/v2\/posts\/170","targetHints":{"allow":["GET"]}}],"collection":[{"href":"https:\/\/www.traumdatenbank.de\/Wordpress\/wp-json\/wp\/v2\/posts"}],"about":[{"href":"https:\/\/www.traumdatenbank.de\/Wordpress\/wp-json\/wp\/v2\/types\/post"}],"author":[{"embeddable":true,"href":"https:\/\/www.traumdatenbank.de\/Wordpress\/wp-json\/wp\/v2\/users\/1"}],"replies":[{"embeddable":true,"href":"https:\/\/www.traumdatenbank.de\/Wordpress\/wp-json\/wp\/v2\/comments?post=170"}],"version-history":[{"count":1,"href":"https:\/\/www.traumdatenbank.de\/Wordpress\/wp-json\/wp\/v2\/posts\/170\/revisions"}],"predecessor-version":[{"id":172,"href":"https:\/\/www.traumdatenbank.de\/Wordpress\/wp-json\/wp\/v2\/posts\/170\/revisions\/172"}],"wp:attachment":[{"href":"https:\/\/www.traumdatenbank.de\/Wordpress\/wp-json\/wp\/v2\/media?parent=170"}],"wp:term":[{"taxonomy":"category","embeddable":true,"href":"https:\/\/www.traumdatenbank.de\/Wordpress\/wp-json\/wp\/v2\/categories?post=170"},{"taxonomy":"post_tag","embeddable":true,"href":"https:\/\/www.traumdatenbank.de\/Wordpress\/wp-json\/wp\/v2\/tags?post=170"}],"curies":[{"name":"wp","href":"https:\/\/api.w.org\/{rel}","templated":true}]}}