{"id":134,"date":"2019-03-27T17:57:29","date_gmt":"2019-03-27T16:57:29","guid":{"rendered":"http:\/\/www.traumdatenbank.de\/Wordpress\/?p=134"},"modified":"2019-03-27T17:57:29","modified_gmt":"2019-03-27T16:57:29","slug":"anonym-2000-2","status":"publish","type":"post","link":"https:\/\/www.traumdatenbank.de\/Wordpress\/2019\/03\/27\/anonym-2000-2\/","title":{"rendered":"Anonym, 2000"},"content":{"rendered":"\n<p>Ich erinnere mich an einen Vogel der einen Namen sagt. Der Namen klingt so \u00e4hnlich, wie der Name, den mein Gro\u00dfvater hatte. Er sa\u00df fr\u00fcher immer auf einem seltsamen Stuhl mit \u00fcberkreuzten Beinen. Der Vogel geh\u00f6rt zu dem Schlo\u00df in Prag. Das \u00fcber das Franz Kafka geschrieben hatte. In Prag hatte mein Gro\u00dfvater studiert.  Ich muss im Traum etwas erfragen.<\/p>\n\n\n\n<p><br><\/p>\n\n\n\n<div class=\"wp-block-image\"><figure class=\"aligncenter\"><img loading=\"lazy\" decoding=\"async\" width=\"276\" height=\"400\" src=\"http:\/\/www.traumdatenbank.de\/Wordpress\/wp-content\/uploads\/2019\/03\/Jendrik-Helle-Traumdatenbank005.jpg\" alt=\"\" class=\"wp-image-135\" srcset=\"https:\/\/www.traumdatenbank.de\/Wordpress\/wp-content\/uploads\/2019\/03\/Jendrik-Helle-Traumdatenbank005.jpg 276w, https:\/\/www.traumdatenbank.de\/Wordpress\/wp-content\/uploads\/2019\/03\/Jendrik-Helle-Traumdatenbank005-207x300.jpg 207w\" sizes=\"auto, (max-width: 276px) 85vw, 276px\" \/><\/figure><\/div>\n","protected":false},"excerpt":{"rendered":"<p>Ich erinnere mich an einen Vogel der einen Namen sagt. Der Namen klingt so \u00e4hnlich, wie der Name, den mein Gro\u00dfvater hatte. Er sa\u00df fr\u00fcher immer auf einem seltsamen Stuhl mit \u00fcberkreuzten Beinen. Der Vogel geh\u00f6rt zu dem Schlo\u00df in Prag. Das \u00fcber das Franz Kafka geschrieben hatte. In Prag hatte mein Gro\u00dfvater studiert. Ich &hellip; <a href=\"https:\/\/www.traumdatenbank.de\/Wordpress\/2019\/03\/27\/anonym-2000-2\/\" class=\"more-link\"><span class=\"screen-reader-text\">&#8222;Anonym, 2000&#8220; <\/span>weiterlesen<\/a><\/p>\n","protected":false},"author":1,"featured_media":0,"comment_status":"open","ping_status":"open","sticky":false,"template":"","format":"standard","meta":{"footnotes":""},"categories":[2],"tags":[61,63,60,62,30],"class_list":["post-134","post","type-post","status-publish","format-standard","hentry","category-traeume","tag-franz-kafka","tag-grossvater","tag-namen","tag-schloss","tag-vogel"],"_links":{"self":[{"href":"https:\/\/www.traumdatenbank.de\/Wordpress\/wp-json\/wp\/v2\/posts\/134","targetHints":{"allow":["GET"]}}],"collection":[{"href":"https:\/\/www.traumdatenbank.de\/Wordpress\/wp-json\/wp\/v2\/posts"}],"about":[{"href":"https:\/\/www.traumdatenbank.de\/Wordpress\/wp-json\/wp\/v2\/types\/post"}],"author":[{"embeddable":true,"href":"https:\/\/www.traumdatenbank.de\/Wordpress\/wp-json\/wp\/v2\/users\/1"}],"replies":[{"embeddable":true,"href":"https:\/\/www.traumdatenbank.de\/Wordpress\/wp-json\/wp\/v2\/comments?post=134"}],"version-history":[{"count":1,"href":"https:\/\/www.traumdatenbank.de\/Wordpress\/wp-json\/wp\/v2\/posts\/134\/revisions"}],"predecessor-version":[{"id":136,"href":"https:\/\/www.traumdatenbank.de\/Wordpress\/wp-json\/wp\/v2\/posts\/134\/revisions\/136"}],"wp:attachment":[{"href":"https:\/\/www.traumdatenbank.de\/Wordpress\/wp-json\/wp\/v2\/media?parent=134"}],"wp:term":[{"taxonomy":"category","embeddable":true,"href":"https:\/\/www.traumdatenbank.de\/Wordpress\/wp-json\/wp\/v2\/categories?post=134"},{"taxonomy":"post_tag","embeddable":true,"href":"https:\/\/www.traumdatenbank.de\/Wordpress\/wp-json\/wp\/v2\/tags?post=134"}],"curies":[{"name":"wp","href":"https:\/\/api.w.org\/{rel}","templated":true}]}}